{"id":11511,"date":"2025-05-14T12:28:03","date_gmt":"2025-05-14T10:28:03","guid":{"rendered":"https:\/\/www.young-factor.it\/?p=11511"},"modified":"2025-05-28T20:11:39","modified_gmt":"2025-05-28T18:11:39","slug":"11511","status":"publish","type":"post","link":"https:\/\/www.young-factor.it\/en\/11511\/","title":{"rendered":"Young Factor: 360 students from all over Europe with 6 Central Governors and the ECB Vice-President. The program"},"content":{"rendered":"<p>The third edition of the international conference &#8220;<strong>YOUNG FACTOR: <\/strong><em><strong>A DIALOGUE BETWEEN YOUNG PEOPLE, ECONOMICS AND FINANCE&#8221; <\/strong><\/em>promoted by the Osservatorio Permanente Giovani-Editori in partnership with Intesa Sanpaolo has been presented.<\/p>\n<p><em>A major international event, unique in Europe<\/em>,<em> scheduled to take place in Milan on 17, 18 and 19 June 2025.\u00a0 The Vice-President of the ECB, 6 governors of central banks (Italy, France, Germany, Spain, Portugal, the Netherlands) and authoritative national and international bankers will be together and will dialogue, as equals, with 360 European students on how to increase economic and financial literacy among young people and their sense of belonging to the European Union.<\/em><\/p>\n<p>THE PROGRAM<\/p>\n<p><a href=\"https:\/\/www.datocms-assets.com\/96856\/1748450094-programma_eng_32x16_03.pdf\"><img loading=\"lazy\" decoding=\"async\" class=\"wp-image-11542 size-medium\" title=\"PROGRAMMA ENG 32x16 03\" src=\"https:\/\/www.young-factor.it\/wp-content\/uploads\/2025\/05\/PROGRAMMA_ENG_32x16_03_2-low-700x361.jpg\" alt=\"PROGRAMMA ENG 32x16 03\" width=\"700\" height=\"361\" srcset=\"https:\/\/www.young-factor.it\/wp-content\/uploads\/2025\/05\/PROGRAMMA_ENG_32x16_03_2-low-700x361.jpg 700w, https:\/\/www.young-factor.it\/wp-content\/uploads\/2025\/05\/PROGRAMMA_ENG_32x16_03_2-low-1400x721.jpg 1400w, https:\/\/www.young-factor.it\/wp-content\/uploads\/2025\/05\/PROGRAMMA_ENG_32x16_03_2-low-768x396.jpg 768w, https:\/\/www.young-factor.it\/wp-content\/uploads\/2025\/05\/PROGRAMMA_ENG_32x16_03_2-low.jpg 1500w\" sizes=\"auto, (max-width: 700px) 100vw, 700px\" \/><\/a><\/p>\n<p>YOUNG FACTOR 2025<\/p>\n<p>&nbsp;<\/p>\n<p>TUESDAY 17TH JUNE<\/p>\n<p>&nbsp;<\/p>\n<p>3:00 pm<\/p>\n<p>YOUNG FACTOR, A PROJECT FOR YOUNG PEOPLE WHO WISH TO BE PART OF SOCIETY<\/p>\n<p>Andrea Ceccherini<\/p>\n<p>President Osservatorio Permanente Giovani-Editori<\/p>\n<p>&nbsp;<\/p>\n<p>3:15 pm<\/p>\n<p>WELCOME ADDRESS<\/p>\n<p>Gian Maria Gros-Pietro<\/p>\n<p>Chairman Intesa Sanpaolo<\/p>\n<p>&nbsp;<\/p>\n<p>3:30 pm<\/p>\n<p>GEOPOLITICAL TENSIONS, NEW PROTECTIONISM,\u00a0 TRADE DISPUTES, GREEN TRANSITION\u2026A MAJOR INFLECTION POINT IN GLOBALIZATION ?<\/p>\n<p>Jean-Claude Trichet<\/p>\n<p>Former President ECB<\/p>\n<p>&nbsp;<\/p>\n<p>4:15 pm<\/p>\n<p>STOCK EXCHANGE, BUSINESS AND<\/p>\n<p>THE FUTURE<\/p>\n<p>Claudia Parzani<\/p>\n<p>Chairwoman<\/p>\n<p>Borsa Italiana \u2013 Euronext Group<\/p>\n<p>&nbsp;<\/p>\n<p>4:40 pm<\/p>\n<p>ADDRESS BY THE ITALIAN BANKING ASSOCIATION<\/p>\n<p>Antonio Patuelli<\/p>\n<p>President ABI<\/p>\n<p>&nbsp;<\/p>\n<p>5:00 pm<\/p>\n<p>HOW TO EXTEND WELFARE TO THE YOUNGER GENERATION<\/p>\n<p>Giovanni Azzone<\/p>\n<p>President ACRI<\/p>\n<p>&nbsp;<\/p>\n<p>5:45 pm<\/p>\n<p>THE CHALLENGES OF THIS CENTURY, INFLATION AND CUSTOMS DUTIES<\/p>\n<p>M\u00e1rio Centeno<\/p>\n<p>Governor Banco de Portugal<\/p>\n<p>&nbsp;<\/p>\n<p>&nbsp;<\/p>\n<p>WEDNESDAY 18TH JUNE<\/p>\n<p>10:15 am<\/p>\n<div class=\"page\" title=\"Page 2\">\n<div class=\"section\">\n<div class=\"layoutArea\">\n<div class=\"column\">\n<p>THE ROLE A PUBLISHING GROUP COMMITTED TO ECONOMIC AND FINANCIAL INFORMATION CAN HAVE IN EDUCATING YOUNG PEOPLE<\/p>\n<div class=\"page\" title=\"Page 2\">\n<div class=\"section\">\n<div class=\"layoutArea\">\n<div class=\"column\">\n<p>Federico Silvestri<br \/>\nCEO Il Sole 24 ORE<\/p>\n<p>&nbsp;<\/p>\n<\/div>\n<\/div>\n<\/div>\n<\/div>\n<\/div>\n<\/div>\n<\/div>\n<\/div>\n<p>10:30 am<\/p>\n<p>COMMITMENT TO COMBAT INEQUALITY<\/p>\n<p>Daniela Fatarella<\/p>\n<p>CEO Save the Children Italy<\/p>\n<p>&nbsp;<\/p>\n<p>10:45 am<\/p>\n<p>THE CHALLENGES OF THIS CENTURY, HOW DIGITAL TRANSFORMATION CHANGES THE ROLE OF CENTRAL BANKS<\/p>\n<p>Jos\u00e9 Luis Escriv\u00e1<\/p>\n<p>Governor Banco de Espa\u00f1a<\/p>\n<p>&nbsp;<\/p>\n<p>11:30 am<\/p>\n<p>THE CHALLENGES OF THIS CENTURY, IS EUROPE A LEGACY OF THE PAST OR IS IT STILL A DREAM FOR YOUNG PEOPLE?<\/p>\n<p>Fran\u00e7ois Villeroy de Galhau<\/p>\n<p>Governor Banque de France<\/p>\n<p>&nbsp;<\/p>\n<p>12:15 pm<\/p>\n<p>THE CHALLENGES OF THIS CENTURY, THE RULES OF INTERNATIONAL TRADE AND GLOBALIZATION TODAY<\/p>\n<p>Klaas Knot<\/p>\n<p>President De Nederlandsche Bank<\/p>\n<p>&nbsp;<\/p>\n<p>1:00 pm<\/p>\n<p>End of the session<\/p>\n<p>&nbsp;<\/p>\n<p>3:00 pm<\/p>\n<p>THE CHALLENGES OF THIS CENTURY, MONEY IN THE<\/p>\n<p>DIGITAL ERA<\/p>\n<p>Fabio Panetta<\/p>\n<p>Governor Banca d\u2019Italia<\/p>\n<p>&nbsp;<\/p>\n<p>3:45 pm<\/p>\n<p>REDISCOVERING THE PATH TO GROWTH<\/p>\n<p>Carlo Messina<\/p>\n<p>Managing Director and CEO Intesa Sanpaolo<\/p>\n<p>&nbsp;<\/p>\n<p>4:30 pm<\/p>\n<p>EUROPEAN CHALLENGES<\/p>\n<p>Round table with Central bank Governors:<\/p>\n<p>M\u00e1rio Centeno, Jos\u00e9 Luis Escriv\u00e1, Klaas Knot, Joachim Nagel, Fabio Panetta, Fran\u00e7ois Villeroy de Galhau and President Osservatorio Permanente Giovani-Editori Andrea Ceccherini<\/p>\n<p>&nbsp;<\/p>\n<p>&nbsp;<\/p>\n<p>&nbsp;<\/p>\n<p>THURSDAY 19TH JUNE<\/p>\n<p>&nbsp;<\/p>\n<p>09:30 am<\/p>\n<p>CHALLENGES AND OPPORTUNITIES: BUILDING BLOCKS FOR AN INTERNATIONAL CAREER<\/p>\n<p>Sergio Ermotti<\/p>\n<p>CEO UBS Group<\/p>\n<p>&nbsp;<\/p>\n<p>10:15 am<\/p>\n<p>HOW TO DEVELOP AND ATTRACT TALENT<\/p>\n<p>Andrea Orcel<\/p>\n<p>CEO UniCredit Group<\/p>\n<p>&nbsp;<\/p>\n<p>11:00 am<\/p>\n<p>THE CHALLENGES OF THIS CENTURY, HOW TO CONDUCT MONETARY POLICY IN UNCERTAIN TIMES<\/p>\n<p>Joachim Nagel<\/p>\n<p>President Deutsche Bundesbank<\/p>\n<p>&nbsp;<\/p>\n<p>11:45 am<\/p>\n<p>THE CHALLENGES OF THIS CENTURY, EUROZONE ECONOMIC OUTLOOK<\/p>\n<p>Luis de Guindos<\/p>\n<p>Vice President ECB<\/p>\n<p>&nbsp;<\/p>\n<p>12:30 pm<\/p>\n<p>EUROPEAN CHALLENGES: CRITICAL THINKING, ECONOMIC AND FINANCIAL LITERACY AND A NEW SENSE OF BELONGING TO THE EUROPEAN UNION<\/p>\n<p>Andrea Ceccherini<\/p>\n<p>President Osservatorio Permanente Giovani-Editori<\/p>\n<p>&nbsp;<\/p>\n<p>&nbsp;<\/p>\n<p>HOST<\/p>\n<p>&nbsp;<\/p>\n<p>Maria Latella<\/p>\n<p>Television anchorwoman and journalist<\/p>\n<p>&nbsp;<\/p>\n<p>Monica Maggioni<\/p>\n<p>Editorial Director for Information Offering, Rai<\/p>\n","protected":false},"excerpt":{"rendered":"<p>The third edition of the international conference &#8220;YOUNG FACTOR: A DIALOGUE BETWEEN YOUNG PEOPLE, ECONOMICS AND FINANCE&#8221; promoted by the Osservatorio Permanente Giovani-Editori in partnership with Intesa Sanpaolo has been&#8230;<\/p>\n","protected":false},"author":16,"featured_media":11504,"comment_status":"closed","ping_status":"open","sticky":false,"template":"","format":"standard","meta":{"_acf_changed":false,"footnotes":""},"categories":[19],"tags":[],"class_list":{"0":"post-11511","1":"post","2":"type-post","3":"status-publish","4":"format-standard","5":"has-post-thumbnail","7":"category-young-factor-en"},"acf":[],"yoast_head":"<!-- This site is optimized with the Yoast SEO plugin v27.5 - https:\/\/yoast.com\/product\/yoast-seo-wordpress\/ -->\n<title>Young Factor: 360 students from all over Europe with 6 Central Governors and the ECB Vice-President. The program - Young Factor<\/title>\n<meta name=\"robots\" content=\"index, follow, max-snippet:-1, max-image-preview:large, max-video-preview:-1\" \/>\n<link rel=\"canonical\" href=\"https:\/\/www.young-factor.it\/en\/11511\/\" \/>\n<meta property=\"og:locale\" content=\"en_US\" \/>\n<meta property=\"og:type\" content=\"article\" \/>\n<meta property=\"og:title\" content=\"Young Factor: 360 students from all over Europe with 6 Central Governors and the ECB Vice-President. The program - Young Factor\" \/>\n<meta property=\"og:description\" content=\"The third edition of the international conference &#8220;YOUNG FACTOR: A DIALOGUE BETWEEN YOUNG PEOPLE, ECONOMICS AND FINANCE&#8221; promoted by the Osservatorio Permanente Giovani-Editori in partnership with Intesa Sanpaolo has been...\" \/>\n<meta property=\"og:url\" content=\"https:\/\/www.young-factor.it\/en\/11511\/\" \/>\n<meta property=\"og:site_name\" content=\"Young Factor\" \/>\n<meta property=\"article:published_time\" content=\"2025-05-14T10:28:03+00:00\" \/>\n<meta property=\"article:modified_time\" content=\"2025-05-28T18:11:39+00:00\" \/>\n<meta property=\"og:image\" content=\"https:\/\/www.young-factor.it\/wp-content\/uploads\/2025\/05\/ea6e8745-fd33-445b-8283-56ee6365fc24.jpg\" \/>\n\t<meta property=\"og:image:width\" content=\"1600\" \/>\n\t<meta property=\"og:image:height\" content=\"1200\" \/>\n\t<meta property=\"og:image:type\" content=\"image\/jpeg\" \/>\n<meta name=\"author\" content=\"mattiamela\" \/>\n<meta name=\"twitter:card\" content=\"summary_large_image\" \/>\n<meta name=\"twitter:label1\" content=\"Written by\" \/>\n\t<meta name=\"twitter:data1\" content=\"mattiamela\" \/>\n\t<meta name=\"twitter:label2\" content=\"Est. reading time\" \/>\n\t<meta name=\"twitter:data2\" content=\"4 minutes\" \/>\n<script type=\"application\/ld+json\" class=\"yoast-schema-graph\">{\"@context\":\"https:\\\/\\\/schema.org\",\"@graph\":[{\"@type\":\"Article\",\"@id\":\"https:\\\/\\\/www.young-factor.it\\\/en\\\/11511\\\/#article\",\"isPartOf\":{\"@id\":\"https:\\\/\\\/www.young-factor.it\\\/en\\\/11511\\\/\"},\"author\":{\"name\":\"mattiamela\",\"@id\":\"https:\\\/\\\/www.young-factor.it\\\/en\\\/#\\\/schema\\\/person\\\/56cf617e78996ded0984c2a11e8f3877\"},\"headline\":\"Young Factor: 360 students from all over Europe with 6 Central Governors and the ECB Vice-President. The program\",\"datePublished\":\"2025-05-14T10:28:03+00:00\",\"dateModified\":\"2025-05-28T18:11:39+00:00\",\"mainEntityOfPage\":{\"@id\":\"https:\\\/\\\/www.young-factor.it\\\/en\\\/11511\\\/\"},\"wordCount\":544,\"publisher\":{\"@id\":\"https:\\\/\\\/www.young-factor.it\\\/en\\\/#organization\"},\"image\":{\"@id\":\"https:\\\/\\\/www.young-factor.it\\\/en\\\/11511\\\/#primaryimage\"},\"thumbnailUrl\":\"https:\\\/\\\/www.young-factor.it\\\/wp-content\\\/uploads\\\/2025\\\/05\\\/ea6e8745-fd33-445b-8283-56ee6365fc24.jpg\",\"articleSection\":[\"Young Factor\"],\"inLanguage\":\"en-US\"},{\"@type\":\"WebPage\",\"@id\":\"https:\\\/\\\/www.young-factor.it\\\/en\\\/11511\\\/\",\"url\":\"https:\\\/\\\/www.young-factor.it\\\/en\\\/11511\\\/\",\"name\":\"Young Factor: 360 students from all over Europe with 6 Central Governors and the ECB Vice-President. The program - Young Factor\",\"isPartOf\":{\"@id\":\"https:\\\/\\\/www.young-factor.it\\\/en\\\/#website\"},\"primaryImageOfPage\":{\"@id\":\"https:\\\/\\\/www.young-factor.it\\\/en\\\/11511\\\/#primaryimage\"},\"image\":{\"@id\":\"https:\\\/\\\/www.young-factor.it\\\/en\\\/11511\\\/#primaryimage\"},\"thumbnailUrl\":\"https:\\\/\\\/www.young-factor.it\\\/wp-content\\\/uploads\\\/2025\\\/05\\\/ea6e8745-fd33-445b-8283-56ee6365fc24.jpg\",\"datePublished\":\"2025-05-14T10:28:03+00:00\",\"dateModified\":\"2025-05-28T18:11:39+00:00\",\"breadcrumb\":{\"@id\":\"https:\\\/\\\/www.young-factor.it\\\/en\\\/11511\\\/#breadcrumb\"},\"inLanguage\":\"en-US\",\"potentialAction\":[{\"@type\":\"ReadAction\",\"target\":[\"https:\\\/\\\/www.young-factor.it\\\/en\\\/11511\\\/\"]}]},{\"@type\":\"ImageObject\",\"inLanguage\":\"en-US\",\"@id\":\"https:\\\/\\\/www.young-factor.it\\\/en\\\/11511\\\/#primaryimage\",\"url\":\"https:\\\/\\\/www.young-factor.it\\\/wp-content\\\/uploads\\\/2025\\\/05\\\/ea6e8745-fd33-445b-8283-56ee6365fc24.jpg\",\"contentUrl\":\"https:\\\/\\\/www.young-factor.it\\\/wp-content\\\/uploads\\\/2025\\\/05\\\/ea6e8745-fd33-445b-8283-56ee6365fc24.jpg\",\"width\":1600,\"height\":1200,\"caption\":\"Andrea Ceccherini e Maria Latella presentano la terza Conferenza Internazionale Young Factor, dal 17 al 19 giugno 2025 a Milano\"},{\"@type\":\"BreadcrumbList\",\"@id\":\"https:\\\/\\\/www.young-factor.it\\\/en\\\/11511\\\/#breadcrumb\",\"itemListElement\":[{\"@type\":\"ListItem\",\"position\":1,\"name\":\"Home\",\"item\":\"https:\\\/\\\/www.young-factor.it\\\/en\\\/\"},{\"@type\":\"ListItem\",\"position\":2,\"name\":\"Young Factor: 360 students from all over Europe with 6 Central Governors and the ECB Vice-President. The program\"}]},{\"@type\":\"WebSite\",\"@id\":\"https:\\\/\\\/www.young-factor.it\\\/en\\\/#website\",\"url\":\"https:\\\/\\\/www.young-factor.it\\\/en\\\/\",\"name\":\"Young Factor\",\"description\":\"dialogo giovani - editori\",\"publisher\":{\"@id\":\"https:\\\/\\\/www.young-factor.it\\\/en\\\/#organization\"},\"potentialAction\":[{\"@type\":\"SearchAction\",\"target\":{\"@type\":\"EntryPoint\",\"urlTemplate\":\"https:\\\/\\\/www.young-factor.it\\\/en\\\/?s={search_term_string}\"},\"query-input\":{\"@type\":\"PropertyValueSpecification\",\"valueRequired\":true,\"valueName\":\"search_term_string\"}}],\"inLanguage\":\"en-US\"},{\"@type\":\"Organization\",\"@id\":\"https:\\\/\\\/www.young-factor.it\\\/en\\\/#organization\",\"name\":\"Young Factor\",\"url\":\"https:\\\/\\\/www.young-factor.it\\\/en\\\/\",\"logo\":{\"@type\":\"ImageObject\",\"inLanguage\":\"en-US\",\"@id\":\"https:\\\/\\\/www.young-factor.it\\\/en\\\/#\\\/schema\\\/logo\\\/image\\\/\",\"url\":\"https:\\\/\\\/www.young-factor.it\\\/wp-content\\\/uploads\\\/2022\\\/11\\\/young-factor-opge.png\",\"contentUrl\":\"https:\\\/\\\/www.young-factor.it\\\/wp-content\\\/uploads\\\/2022\\\/11\\\/young-factor-opge.png\",\"width\":500,\"height\":500,\"caption\":\"Young Factor\"},\"image\":{\"@id\":\"https:\\\/\\\/www.young-factor.it\\\/en\\\/#\\\/schema\\\/logo\\\/image\\\/\"}},{\"@type\":\"Person\",\"@id\":\"https:\\\/\\\/www.young-factor.it\\\/en\\\/#\\\/schema\\\/person\\\/56cf617e78996ded0984c2a11e8f3877\",\"name\":\"mattiamela\",\"image\":{\"@type\":\"ImageObject\",\"inLanguage\":\"en-US\",\"@id\":\"https:\\\/\\\/secure.gravatar.com\\\/avatar\\\/037e4719ab31fc77847ddff92c8596431ce551707dd2066c9b894c1f545527ff?s=96&d=mm&r=g\",\"url\":\"https:\\\/\\\/secure.gravatar.com\\\/avatar\\\/037e4719ab31fc77847ddff92c8596431ce551707dd2066c9b894c1f545527ff?s=96&d=mm&r=g\",\"contentUrl\":\"https:\\\/\\\/secure.gravatar.com\\\/avatar\\\/037e4719ab31fc77847ddff92c8596431ce551707dd2066c9b894c1f545527ff?s=96&d=mm&r=g\",\"caption\":\"mattiamela\"}}]}<\/script>\n<!-- \/ Yoast SEO plugin. -->","yoast_head_json":{"title":"Young Factor: 360 students from all over Europe with 6 Central Governors and the ECB Vice-President. The program - Young Factor","robots":{"index":"index","follow":"follow","max-snippet":"max-snippet:-1","max-image-preview":"max-image-preview:large","max-video-preview":"max-video-preview:-1"},"canonical":"https:\/\/www.young-factor.it\/en\/11511\/","og_locale":"en_US","og_type":"article","og_title":"Young Factor: 360 students from all over Europe with 6 Central Governors and the ECB Vice-President. The program - Young Factor","og_description":"The third edition of the international conference &#8220;YOUNG FACTOR: A DIALOGUE BETWEEN YOUNG PEOPLE, ECONOMICS AND FINANCE&#8221; promoted by the Osservatorio Permanente Giovani-Editori in partnership with Intesa Sanpaolo has been...","og_url":"https:\/\/www.young-factor.it\/en\/11511\/","og_site_name":"Young Factor","article_published_time":"2025-05-14T10:28:03+00:00","article_modified_time":"2025-05-28T18:11:39+00:00","og_image":[{"width":1600,"height":1200,"url":"https:\/\/www.young-factor.it\/wp-content\/uploads\/2025\/05\/ea6e8745-fd33-445b-8283-56ee6365fc24.jpg","type":"image\/jpeg"}],"author":"mattiamela","twitter_card":"summary_large_image","twitter_misc":{"Written by":"mattiamela","Est. reading time":"4 minutes"},"schema":{"@context":"https:\/\/schema.org","@graph":[{"@type":"Article","@id":"https:\/\/www.young-factor.it\/en\/11511\/#article","isPartOf":{"@id":"https:\/\/www.young-factor.it\/en\/11511\/"},"author":{"name":"mattiamela","@id":"https:\/\/www.young-factor.it\/en\/#\/schema\/person\/56cf617e78996ded0984c2a11e8f3877"},"headline":"Young Factor: 360 students from all over Europe with 6 Central Governors and the ECB Vice-President. The program","datePublished":"2025-05-14T10:28:03+00:00","dateModified":"2025-05-28T18:11:39+00:00","mainEntityOfPage":{"@id":"https:\/\/www.young-factor.it\/en\/11511\/"},"wordCount":544,"publisher":{"@id":"https:\/\/www.young-factor.it\/en\/#organization"},"image":{"@id":"https:\/\/www.young-factor.it\/en\/11511\/#primaryimage"},"thumbnailUrl":"https:\/\/www.young-factor.it\/wp-content\/uploads\/2025\/05\/ea6e8745-fd33-445b-8283-56ee6365fc24.jpg","articleSection":["Young Factor"],"inLanguage":"en-US"},{"@type":"WebPage","@id":"https:\/\/www.young-factor.it\/en\/11511\/","url":"https:\/\/www.young-factor.it\/en\/11511\/","name":"Young Factor: 360 students from all over Europe with 6 Central Governors and the ECB Vice-President. The program - Young Factor","isPartOf":{"@id":"https:\/\/www.young-factor.it\/en\/#website"},"primaryImageOfPage":{"@id":"https:\/\/www.young-factor.it\/en\/11511\/#primaryimage"},"image":{"@id":"https:\/\/www.young-factor.it\/en\/11511\/#primaryimage"},"thumbnailUrl":"https:\/\/www.young-factor.it\/wp-content\/uploads\/2025\/05\/ea6e8745-fd33-445b-8283-56ee6365fc24.jpg","datePublished":"2025-05-14T10:28:03+00:00","dateModified":"2025-05-28T18:11:39+00:00","breadcrumb":{"@id":"https:\/\/www.young-factor.it\/en\/11511\/#breadcrumb"},"inLanguage":"en-US","potentialAction":[{"@type":"ReadAction","target":["https:\/\/www.young-factor.it\/en\/11511\/"]}]},{"@type":"ImageObject","inLanguage":"en-US","@id":"https:\/\/www.young-factor.it\/en\/11511\/#primaryimage","url":"https:\/\/www.young-factor.it\/wp-content\/uploads\/2025\/05\/ea6e8745-fd33-445b-8283-56ee6365fc24.jpg","contentUrl":"https:\/\/www.young-factor.it\/wp-content\/uploads\/2025\/05\/ea6e8745-fd33-445b-8283-56ee6365fc24.jpg","width":1600,"height":1200,"caption":"Andrea Ceccherini e Maria Latella presentano la terza Conferenza Internazionale Young Factor, dal 17 al 19 giugno 2025 a Milano"},{"@type":"BreadcrumbList","@id":"https:\/\/www.young-factor.it\/en\/11511\/#breadcrumb","itemListElement":[{"@type":"ListItem","position":1,"name":"Home","item":"https:\/\/www.young-factor.it\/en\/"},{"@type":"ListItem","position":2,"name":"Young Factor: 360 students from all over Europe with 6 Central Governors and the ECB Vice-President. The program"}]},{"@type":"WebSite","@id":"https:\/\/www.young-factor.it\/en\/#website","url":"https:\/\/www.young-factor.it\/en\/","name":"Young Factor","description":"dialogo giovani - editori","publisher":{"@id":"https:\/\/www.young-factor.it\/en\/#organization"},"potentialAction":[{"@type":"SearchAction","target":{"@type":"EntryPoint","urlTemplate":"https:\/\/www.young-factor.it\/en\/?s={search_term_string}"},"query-input":{"@type":"PropertyValueSpecification","valueRequired":true,"valueName":"search_term_string"}}],"inLanguage":"en-US"},{"@type":"Organization","@id":"https:\/\/www.young-factor.it\/en\/#organization","name":"Young Factor","url":"https:\/\/www.young-factor.it\/en\/","logo":{"@type":"ImageObject","inLanguage":"en-US","@id":"https:\/\/www.young-factor.it\/en\/#\/schema\/logo\/image\/","url":"https:\/\/www.young-factor.it\/wp-content\/uploads\/2022\/11\/young-factor-opge.png","contentUrl":"https:\/\/www.young-factor.it\/wp-content\/uploads\/2022\/11\/young-factor-opge.png","width":500,"height":500,"caption":"Young Factor"},"image":{"@id":"https:\/\/www.young-factor.it\/en\/#\/schema\/logo\/image\/"}},{"@type":"Person","@id":"https:\/\/www.young-factor.it\/en\/#\/schema\/person\/56cf617e78996ded0984c2a11e8f3877","name":"mattiamela","image":{"@type":"ImageObject","inLanguage":"en-US","@id":"https:\/\/secure.gravatar.com\/avatar\/037e4719ab31fc77847ddff92c8596431ce551707dd2066c9b894c1f545527ff?s=96&d=mm&r=g","url":"https:\/\/secure.gravatar.com\/avatar\/037e4719ab31fc77847ddff92c8596431ce551707dd2066c9b894c1f545527ff?s=96&d=mm&r=g","contentUrl":"https:\/\/secure.gravatar.com\/avatar\/037e4719ab31fc77847ddff92c8596431ce551707dd2066c9b894c1f545527ff?s=96&d=mm&r=g","caption":"mattiamela"}}]}},"_links":{"self":[{"href":"https:\/\/www.young-factor.it\/en\/wp-json\/wp\/v2\/posts\/11511","targetHints":{"allow":["GET"]}}],"collection":[{"href":"https:\/\/www.young-factor.it\/en\/wp-json\/wp\/v2\/posts"}],"about":[{"href":"https:\/\/www.young-factor.it\/en\/wp-json\/wp\/v2\/types\/post"}],"author":[{"embeddable":true,"href":"https:\/\/www.young-factor.it\/en\/wp-json\/wp\/v2\/users\/16"}],"replies":[{"embeddable":true,"href":"https:\/\/www.young-factor.it\/en\/wp-json\/wp\/v2\/comments?post=11511"}],"version-history":[{"count":7,"href":"https:\/\/www.young-factor.it\/en\/wp-json\/wp\/v2\/posts\/11511\/revisions"}],"predecessor-version":[{"id":11552,"href":"https:\/\/www.young-factor.it\/en\/wp-json\/wp\/v2\/posts\/11511\/revisions\/11552"}],"wp:featuredmedia":[{"embeddable":true,"href":"https:\/\/www.young-factor.it\/en\/wp-json\/wp\/v2\/media\/11504"}],"wp:attachment":[{"href":"https:\/\/www.young-factor.it\/en\/wp-json\/wp\/v2\/media?parent=11511"}],"wp:term":[{"taxonomy":"category","embeddable":true,"href":"https:\/\/www.young-factor.it\/en\/wp-json\/wp\/v2\/categories?post=11511"},{"taxonomy":"post_tag","embeddable":true,"href":"https:\/\/www.young-factor.it\/en\/wp-json\/wp\/v2\/tags?post=11511"}],"curies":[{"name":"wp","href":"https:\/\/api.w.org\/{rel}","templated":true}]}}